{"id":3441,"date":"2025-01-13T11:26:59","date_gmt":"2025-01-13T11:26:59","guid":{"rendered":"https:\/\/3w2.net\/community\/?p=3441"},"modified":"2025-01-13T12:57:42","modified_gmt":"2025-01-13T12:57:42","slug":"conferencia-protegiendo-tu-negocio-en-el-nuevo-entorno-digital","status":"publish","type":"post","link":"https:\/\/3w2.net\/community\/conferencia-protegiendo-tu-negocio-en-el-nuevo-entorno-digital\/","title":{"rendered":"Conferencia:  El Nuevo Entorno Digital Obligatorio"},"content":{"rendered":"<div class=\"flex-shrink-0 flex flex-col relative items-end\">\n<div>\n<div class=\"pt-0\">\n<div class=\"gizmo-shadow-stroke flex h-8 w-8 items-center justify-center overflow-hidden rounded-full\">\n<div class=\"h-full w-full\">Conferencia gratuita organizada por <strong>3w2 Community<\/strong>, dise\u00f1ada para informar a emprendedores, PYMEs y comercios en tres \u00e1reas clave: cumplimiento del RGPD, las nuevas obligaciones de facturaci\u00f3n electr\u00f3nica en Espa\u00f1a para 2025 y la importancia de la seguridad digital. Durante 1 hora y 30 minutos, expertos compartir\u00e1n conocimientos pr\u00e1cticos y herramientas esenciales para proteger y optimizar tu negocio en un entorno digital en constante cambio.<\/div>\n<div><\/div>\n<div>\n<hr \/>\n<\/div>\n<\/div>\n<\/div>\n<\/div>\n<\/div>\n<div class=\"group\/conversation-turn relative flex w-full min-w-0 flex-col agent-turn\">\n<div class=\"flex-col gap-1 md:gap-3\">\n<div class=\"flex max-w-full flex-col flex-grow\">\n<div class=\"min-h-8 text-message flex w-full flex-col items-end gap-2 whitespace-normal break-words text-start [.text-message+&amp;]:mt-5\" dir=\"auto\" data-message-author-role=\"assistant\" data-message-id=\"f7857f10-930c-44b1-a6f5-878cf67332b6\" data-message-model-slug=\"gpt-4o\">\n<div class=\"flex w-full flex-col gap-1 empty:hidden first:pt-[3px]\">\n<div class=\"markdown prose w-full break-words dark:prose-invert dark\">\n<hr \/>\n<h3><strong>Conferencia\u00a0<\/strong><\/h3>\n<p><strong>Fecha<\/strong>: Viernes, 17 de enero de 2025<br \/>\n<strong>Hora<\/strong>: 17:00 a 18:30 (CET)<br \/>\n<strong>Duraci\u00f3n<\/strong>: 1 hora y 30 minutos<br \/>\n<strong>Modalidad<\/strong>: Online (v\u00eda videoconferencia) y presencial en 3w2 Igualada.<br \/>\n<strong>Costo<\/strong>: Gratuito para suscriptores de 3w2 Community<br \/>\n<strong>Inscripci\u00f3n<\/strong>: Acceso exclusivo para miembros registrados.<\/p>\n<p><strong>Ponente<\/strong>: Jos\u00e9 Garc\u00eda &#8211; Experto en desarrollo de proyectos digitales.<\/p>\n<hr \/>\n<h3><strong>Objetivo General<\/strong><\/h3>\n<p>Informar sobre los temas cr\u00edticos para garantizar el \u00e9xito y la seguridad de sus negocios digitales: protecci\u00f3n de datos (RGPD), facturaci\u00f3n electr\u00f3nica 2025 en Espa\u00f1a y la seguridad en el entorno digital.<\/p>\n<hr \/>\n<h3><strong>Programa del Evento<\/strong><\/h3>\n<h4><strong>17:00 &#8211; 17:10 | Bienvenida y Presentaci\u00f3n<\/strong><\/h4>\n<ul>\n<li>Introducci\u00f3n por Elsa, Directora de Marketing de 3w2.<\/li>\n<li>Presentaci\u00f3n de los temas y objetivos del webinar.<\/li>\n<li>Breve menci\u00f3n de los beneficios exclusivos para miembros de 3w2 Community\u200b\u200b.<\/li>\n<\/ul>\n<h4><strong>17:10 &#8211; 17:35 | Protecci\u00f3n de Datos y Cumplimiento del RGPD<\/strong><\/h4>\n<ul>\n<li>Contexto y alcance del RGPD para empresas y emprendedores.<\/li>\n<li>Consecuencias legales del incumplimiento.<\/li>\n<li>Buenas pr\u00e1cticas para gestionar los datos personales de los usuarios.<\/li>\n<li>Herramientas y recursos para cumplir con el RGPD\u200b\u200b.<\/li>\n<\/ul>\n<h4><strong>17:35 &#8211; 18:00 | Nueva Facturaci\u00f3n Electr\u00f3nica en Espa\u00f1a: Obligaciones 2025<\/strong><\/h4>\n<ul>\n<li>Revisi\u00f3n de las obligaciones legales para empresas espa\u00f1olas a partir de 2025.<\/li>\n<li>C\u00f3mo implementar un sistema de facturaci\u00f3n electr\u00f3nica eficiente.<\/li>\n<li>Ejemplos pr\u00e1cticos para adaptarse al cambio sin fricciones.<\/li>\n<\/ul>\n<h4><strong>18:00 &#8211; 18:25 | La Importancia de la Seguridad en el Nuevo Entorno Digital<\/strong><\/h4>\n<ul>\n<li>Principales amenazas digitales para las PYMEs y emprendedores.<\/li>\n<li>Estrategias para proteger tu negocio: desde contrase\u00f1as seguras hasta firewalls avanzados.<\/li>\n<li>Herramientas de 3w2 Community para garantizar la seguridad de tu proyecto digital\u200b\u200b.<\/li>\n<\/ul>\n<h4><strong>18:25 &#8211; 18:30 | Cierre y Sesi\u00f3n de Preguntas<\/strong><\/h4>\n<ul>\n<li>Respuesta a las preguntas enviadas en el chat durante la sesi\u00f3n.<\/li>\n<li>Invitaci\u00f3n a pr\u00f3ximos eventos y recursos disponibles en la plataforma 3w2 Community.<\/li>\n<li>Despedida y agradecimiento.<\/li>\n<\/ul>\n<hr \/>\n<h3><strong>Materiales de Apoyo<\/strong><\/h3>\n<ol>\n<li>Gu\u00eda descargable sobre el RGPD.<\/li>\n<li>Dossier sobre facturaci\u00f3n electr\u00f3nica.<\/li>\n<li>Infograf\u00eda sobre seguridad digital.<\/li>\n<li>Contenidos en p\u00e1gina web informativa.<\/li>\n<\/ol>\n<p>&nbsp;<\/p>\n<\/div>\n<hr \/>\n<\/div>\n<hr \/>\n<!--[if lt IE 9]><script>document.createElement('audio');<\/script><![endif]-->\n<audio class=\"wp-audio-shortcode\" id=\"audio-3441-1\" preload=\"none\" style=\"width: 100%;\" controls=\"controls\"><source type=\"audio\/mpeg\" src=\"https:\/\/3w2.net\/community\/wp-content\/uploads\/2025\/01\/Facturacion-electronica-2025.mp3?_=1\" \/><a href=\"https:\/\/3w2.net\/community\/wp-content\/uploads\/2025\/01\/Facturacion-electronica-2025.mp3\">https:\/\/3w2.net\/community\/wp-content\/uploads\/2025\/01\/Facturacion-electronica-2025.mp3<\/a><\/audio>\n<\/div>\n<\/div>\n<\/div>\n<\/div>\n","protected":false},"excerpt":{"rendered":"<p>Conferencia gratuita organizada por 3w2 Community, dise\u00f1ada para informar a emprendedores, PYMEs y comercios en tres \u00e1reas clave: cumplimiento del RGPD, las nuevas obligaciones de facturaci\u00f3n electr\u00f3nica en Espa\u00f1a para 2025 y la importancia de la seguridad digital. Durante 1 hora y 30 minutos, expertos compartir\u00e1n conocimientos pr\u00e1cticos y herramientas esenciales para proteger y optimizar &hellip;<\/p>\n","protected":false},"author":37,"featured_media":3443,"comment_status":"closed","ping_status":"closed","sticky":false,"template":"","format":"standard","meta":{"footnotes":""},"categories":[202,30],"tags":[221,220,222],"class_list":["post-3441","post","type-post","status-publish","format-standard","has-post-thumbnail","hentry","category-3w2-community","category-formacio-en-linia","tag-facturacion","tag-rgpd","tag-seguridad"],"yoast_head":"<!-- This site is optimized with the Yoast SEO plugin v23.7 - https:\/\/yoast.com\/wordpress\/plugins\/seo\/ -->\n<title>Conferencia: El Nuevo Entorno Digital Obligatorio<\/title>\n<meta name=\"description\" content=\"Conferencia gratuita organizada por 3w2 Community, dise\u00f1ada para informar a emprendedores, PYMEs y comercios en tres \u00e1reas clave\" \/>\n<meta name=\"robots\" content=\"index, follow, max-snippet:-1, max-image-preview:large, max-video-preview:-1\" \/>\n<link rel=\"canonical\" href=\"https:\/\/3w2.net\/community\/conferencia-protegiendo-tu-negocio-en-el-nuevo-entorno-digital\/\" \/>\n<meta property=\"og:locale\" content=\"es_ES\" \/>\n<meta property=\"og:type\" content=\"article\" \/>\n<meta property=\"og:title\" content=\"Conferencia: El Nuevo Entorno Digital Obligatorio\" \/>\n<meta property=\"og:description\" content=\"Conferencia gratuita organizada por 3w2 Community, dise\u00f1ada para informar a emprendedores, PYMEs y comercios en tres \u00e1reas clave de\" \/>\n<meta property=\"og:url\" content=\"https:\/\/3w2.net\/community\/conferencia-protegiendo-tu-negocio-en-el-nuevo-entorno-digital\/\" \/>\n<meta property=\"og:site_name\" content=\"3w2 Community\" \/>\n<meta property=\"article:publisher\" content=\"https:\/\/www.facebook.com\/3w2.eu\/\" \/>\n<meta property=\"article:published_time\" content=\"2025-01-13T11:26:59+00:00\" \/>\n<meta property=\"article:modified_time\" content=\"2025-01-13T12:57:42+00:00\" \/>\n<meta property=\"og:image\" content=\"https:\/\/3w2.net\/community\/wp-content\/uploads\/2025\/01\/44444tura.jpg\" \/>\n\t<meta property=\"og:image:width\" content=\"878\" \/>\n\t<meta property=\"og:image:height\" content=\"846\" \/>\n\t<meta property=\"og:image:type\" content=\"image\/jpeg\" \/>\n<meta name=\"author\" content=\"3w2\" \/>\n<meta name=\"twitter:card\" content=\"summary_large_image\" \/>\n<meta name=\"twitter:title\" content=\"Conferencia: El Nuevo Entorno Digital Obligatorio\" \/>\n<meta name=\"twitter:description\" content=\"Conferencia gratuita organizada por 3w2 Community, dise\u00f1ada para informar a emprendedores, PYMEs y comercios en tres \u00e1reas clave de\" \/>\n<meta name=\"twitter:image\" content=\"https:\/\/3w2.net\/community\/wp-content\/uploads\/2025\/01\/44444tura.jpg\" \/>\n<meta name=\"twitter:creator\" content=\"@3w2_eu\" \/>\n<meta name=\"twitter:site\" content=\"@3w2_eu\" \/>\n<meta name=\"twitter:label1\" content=\"Escrito por\" \/>\n\t<meta name=\"twitter:data1\" content=\"3w2\" \/>\n\t<meta name=\"twitter:label2\" content=\"Tiempo de lectura\" \/>\n\t<meta name=\"twitter:data2\" content=\"2 minutos\" \/>\n<script type=\"application\/ld+json\" class=\"yoast-schema-graph\">{\"@context\":\"https:\/\/schema.org\",\"@graph\":[{\"@type\":\"Article\",\"@id\":\"https:\/\/3w2.net\/community\/conferencia-protegiendo-tu-negocio-en-el-nuevo-entorno-digital\/#article\",\"isPartOf\":{\"@id\":\"https:\/\/3w2.net\/community\/conferencia-protegiendo-tu-negocio-en-el-nuevo-entorno-digital\/\"},\"author\":{\"name\":\"3w2\",\"@id\":\"https:\/\/3w2.net\/community\/#\/schema\/person\/4ca2d8becfa70dd1fee95d7b32511e64\"},\"headline\":\"Conferencia: El Nuevo Entorno Digital Obligatorio\",\"datePublished\":\"2025-01-13T11:26:59+00:00\",\"dateModified\":\"2025-01-13T12:57:42+00:00\",\"mainEntityOfPage\":{\"@id\":\"https:\/\/3w2.net\/community\/conferencia-protegiendo-tu-negocio-en-el-nuevo-entorno-digital\/\"},\"wordCount\":399,\"publisher\":{\"@id\":\"https:\/\/3w2.net\/community\/#organization\"},\"image\":{\"@id\":\"https:\/\/3w2.net\/community\/conferencia-protegiendo-tu-negocio-en-el-nuevo-entorno-digital\/#primaryimage\"},\"thumbnailUrl\":\"https:\/\/3w2.net\/community\/wp-content\/uploads\/2025\/01\/44444tura.jpg\",\"keywords\":[\"Facturaci\u00f3n\",\"RGPD\",\"Seguridad\"],\"articleSection\":[\"3w2 Community\",\"Formaci\u00f3n\"],\"inLanguage\":\"es\"},{\"@type\":\"WebPage\",\"@id\":\"https:\/\/3w2.net\/community\/conferencia-protegiendo-tu-negocio-en-el-nuevo-entorno-digital\/\",\"url\":\"https:\/\/3w2.net\/community\/conferencia-protegiendo-tu-negocio-en-el-nuevo-entorno-digital\/\",\"name\":\"Conferencia: El Nuevo Entorno Digital Obligatorio\",\"isPartOf\":{\"@id\":\"https:\/\/3w2.net\/community\/#website\"},\"primaryImageOfPage\":{\"@id\":\"https:\/\/3w2.net\/community\/conferencia-protegiendo-tu-negocio-en-el-nuevo-entorno-digital\/#primaryimage\"},\"image\":{\"@id\":\"https:\/\/3w2.net\/community\/conferencia-protegiendo-tu-negocio-en-el-nuevo-entorno-digital\/#primaryimage\"},\"thumbnailUrl\":\"https:\/\/3w2.net\/community\/wp-content\/uploads\/2025\/01\/44444tura.jpg\",\"datePublished\":\"2025-01-13T11:26:59+00:00\",\"dateModified\":\"2025-01-13T12:57:42+00:00\",\"description\":\"Conferencia gratuita organizada por 3w2 Community, dise\u00f1ada para informar a emprendedores, PYMEs y comercios en tres \u00e1reas clave\",\"breadcrumb\":{\"@id\":\"https:\/\/3w2.net\/community\/conferencia-protegiendo-tu-negocio-en-el-nuevo-entorno-digital\/#breadcrumb\"},\"inLanguage\":\"es\",\"potentialAction\":[{\"@type\":\"ReadAction\",\"target\":[\"https:\/\/3w2.net\/community\/conferencia-protegiendo-tu-negocio-en-el-nuevo-entorno-digital\/\"]}]},{\"@type\":\"ImageObject\",\"inLanguage\":\"es\",\"@id\":\"https:\/\/3w2.net\/community\/conferencia-protegiendo-tu-negocio-en-el-nuevo-entorno-digital\/#primaryimage\",\"url\":\"https:\/\/3w2.net\/community\/wp-content\/uploads\/2025\/01\/44444tura.jpg\",\"contentUrl\":\"https:\/\/3w2.net\/community\/wp-content\/uploads\/2025\/01\/44444tura.jpg\",\"width\":878,\"height\":846},{\"@type\":\"BreadcrumbList\",\"@id\":\"https:\/\/3w2.net\/community\/conferencia-protegiendo-tu-negocio-en-el-nuevo-entorno-digital\/#breadcrumb\",\"itemListElement\":[{\"@type\":\"ListItem\",\"position\":1,\"name\":\"Portada\",\"item\":\"https:\/\/3w2.net\/community\/\"},{\"@type\":\"ListItem\",\"position\":2,\"name\":\"Conferencia: El Nuevo Entorno Digital Obligatorio\"}]},{\"@type\":\"WebSite\",\"@id\":\"https:\/\/3w2.net\/community\/#website\",\"url\":\"https:\/\/3w2.net\/community\/\",\"name\":\"3w2 Community\",\"description\":\"Desarrollo, Formaci\u00f3n y entrenamiento Inteligente Profesional\",\"publisher\":{\"@id\":\"https:\/\/3w2.net\/community\/#organization\"},\"potentialAction\":[{\"@type\":\"SearchAction\",\"target\":{\"@type\":\"EntryPoint\",\"urlTemplate\":\"https:\/\/3w2.net\/community\/?s={search_term_string}\"},\"query-input\":{\"@type\":\"PropertyValueSpecification\",\"valueRequired\":true,\"valueName\":\"search_term_string\"}}],\"inLanguage\":\"es\"},{\"@type\":\"Organization\",\"@id\":\"https:\/\/3w2.net\/community\/#organization\",\"name\":\"3w2 Community\",\"url\":\"https:\/\/3w2.net\/community\/\",\"logo\":{\"@type\":\"ImageObject\",\"inLanguage\":\"es\",\"@id\":\"https:\/\/3w2.net\/community\/#\/schema\/logo\/image\/\",\"url\":\"https:\/\/3w2.net\/community\/wp-content\/uploads\/2023\/09\/cropped-logo-trading-3w2-1.png\",\"contentUrl\":\"https:\/\/3w2.net\/community\/wp-content\/uploads\/2023\/09\/cropped-logo-trading-3w2-1.png\",\"width\":604,\"height\":627,\"caption\":\"3w2 Community\"},\"image\":{\"@id\":\"https:\/\/3w2.net\/community\/#\/schema\/logo\/image\/\"},\"sameAs\":[\"https:\/\/www.facebook.com\/3w2.eu\/\",\"https:\/\/x.com\/3w2_eu\"]},{\"@type\":\"Person\",\"@id\":\"https:\/\/3w2.net\/community\/#\/schema\/person\/4ca2d8becfa70dd1fee95d7b32511e64\",\"name\":\"3w2\",\"image\":{\"@type\":\"ImageObject\",\"inLanguage\":\"es\",\"@id\":\"https:\/\/3w2.net\/community\/#\/schema\/person\/image\/\",\"url\":\"https:\/\/3w2.net\/community\/wp-content\/uploads\/avatars\/37\/1699777461-bpfull.png\",\"contentUrl\":\"https:\/\/3w2.net\/community\/wp-content\/uploads\/avatars\/37\/1699777461-bpfull.png\",\"caption\":\"3w2\"},\"url\":\"https:\/\/3w2.net\/community\/comunidad\/developer\/\"}]}<\/script>\n<!-- \/ Yoast SEO plugin. -->","yoast_head_json":{"title":"Conferencia: El Nuevo Entorno Digital Obligatorio","description":"Conferencia gratuita organizada por 3w2 Community, dise\u00f1ada para informar a emprendedores, PYMEs y comercios en tres \u00e1reas clave","robots":{"index":"index","follow":"follow","max-snippet":"max-snippet:-1","max-image-preview":"max-image-preview:large","max-video-preview":"max-video-preview:-1"},"canonical":"https:\/\/3w2.net\/community\/conferencia-protegiendo-tu-negocio-en-el-nuevo-entorno-digital\/","og_locale":"es_ES","og_type":"article","og_title":"Conferencia: El Nuevo Entorno Digital Obligatorio","og_description":"Conferencia gratuita organizada por 3w2 Community, dise\u00f1ada para informar a emprendedores, PYMEs y comercios en tres \u00e1reas clave de","og_url":"https:\/\/3w2.net\/community\/conferencia-protegiendo-tu-negocio-en-el-nuevo-entorno-digital\/","og_site_name":"3w2 Community","article_publisher":"https:\/\/www.facebook.com\/3w2.eu\/","article_published_time":"2025-01-13T11:26:59+00:00","article_modified_time":"2025-01-13T12:57:42+00:00","og_image":[{"width":878,"height":846,"url":"https:\/\/3w2.net\/community\/wp-content\/uploads\/2025\/01\/44444tura.jpg","type":"image\/jpeg"}],"author":"3w2","twitter_card":"summary_large_image","twitter_title":"Conferencia: El Nuevo Entorno Digital Obligatorio","twitter_description":"Conferencia gratuita organizada por 3w2 Community, dise\u00f1ada para informar a emprendedores, PYMEs y comercios en tres \u00e1reas clave de","twitter_image":"https:\/\/3w2.net\/community\/wp-content\/uploads\/2025\/01\/44444tura.jpg","twitter_creator":"@3w2_eu","twitter_site":"@3w2_eu","twitter_misc":{"Escrito por":"3w2","Tiempo de lectura":"2 minutos"},"schema":{"@context":"https:\/\/schema.org","@graph":[{"@type":"Article","@id":"https:\/\/3w2.net\/community\/conferencia-protegiendo-tu-negocio-en-el-nuevo-entorno-digital\/#article","isPartOf":{"@id":"https:\/\/3w2.net\/community\/conferencia-protegiendo-tu-negocio-en-el-nuevo-entorno-digital\/"},"author":{"name":"3w2","@id":"https:\/\/3w2.net\/community\/#\/schema\/person\/4ca2d8becfa70dd1fee95d7b32511e64"},"headline":"Conferencia: El Nuevo Entorno Digital Obligatorio","datePublished":"2025-01-13T11:26:59+00:00","dateModified":"2025-01-13T12:57:42+00:00","mainEntityOfPage":{"@id":"https:\/\/3w2.net\/community\/conferencia-protegiendo-tu-negocio-en-el-nuevo-entorno-digital\/"},"wordCount":399,"publisher":{"@id":"https:\/\/3w2.net\/community\/#organization"},"image":{"@id":"https:\/\/3w2.net\/community\/conferencia-protegiendo-tu-negocio-en-el-nuevo-entorno-digital\/#primaryimage"},"thumbnailUrl":"https:\/\/3w2.net\/community\/wp-content\/uploads\/2025\/01\/44444tura.jpg","keywords":["Facturaci\u00f3n","RGPD","Seguridad"],"articleSection":["3w2 Community","Formaci\u00f3n"],"inLanguage":"es"},{"@type":"WebPage","@id":"https:\/\/3w2.net\/community\/conferencia-protegiendo-tu-negocio-en-el-nuevo-entorno-digital\/","url":"https:\/\/3w2.net\/community\/conferencia-protegiendo-tu-negocio-en-el-nuevo-entorno-digital\/","name":"Conferencia: El Nuevo Entorno Digital Obligatorio","isPartOf":{"@id":"https:\/\/3w2.net\/community\/#website"},"primaryImageOfPage":{"@id":"https:\/\/3w2.net\/community\/conferencia-protegiendo-tu-negocio-en-el-nuevo-entorno-digital\/#primaryimage"},"image":{"@id":"https:\/\/3w2.net\/community\/conferencia-protegiendo-tu-negocio-en-el-nuevo-entorno-digital\/#primaryimage"},"thumbnailUrl":"https:\/\/3w2.net\/community\/wp-content\/uploads\/2025\/01\/44444tura.jpg","datePublished":"2025-01-13T11:26:59+00:00","dateModified":"2025-01-13T12:57:42+00:00","description":"Conferencia gratuita organizada por 3w2 Community, dise\u00f1ada para informar a emprendedores, PYMEs y comercios en tres \u00e1reas clave","breadcrumb":{"@id":"https:\/\/3w2.net\/community\/conferencia-protegiendo-tu-negocio-en-el-nuevo-entorno-digital\/#breadcrumb"},"inLanguage":"es","potentialAction":[{"@type":"ReadAction","target":["https:\/\/3w2.net\/community\/conferencia-protegiendo-tu-negocio-en-el-nuevo-entorno-digital\/"]}]},{"@type":"ImageObject","inLanguage":"es","@id":"https:\/\/3w2.net\/community\/conferencia-protegiendo-tu-negocio-en-el-nuevo-entorno-digital\/#primaryimage","url":"https:\/\/3w2.net\/community\/wp-content\/uploads\/2025\/01\/44444tura.jpg","contentUrl":"https:\/\/3w2.net\/community\/wp-content\/uploads\/2025\/01\/44444tura.jpg","width":878,"height":846},{"@type":"BreadcrumbList","@id":"https:\/\/3w2.net\/community\/conferencia-protegiendo-tu-negocio-en-el-nuevo-entorno-digital\/#breadcrumb","itemListElement":[{"@type":"ListItem","position":1,"name":"Portada","item":"https:\/\/3w2.net\/community\/"},{"@type":"ListItem","position":2,"name":"Conferencia: El Nuevo Entorno Digital Obligatorio"}]},{"@type":"WebSite","@id":"https:\/\/3w2.net\/community\/#website","url":"https:\/\/3w2.net\/community\/","name":"3w2 Community","description":"Desarrollo, Formaci\u00f3n y entrenamiento Inteligente Profesional","publisher":{"@id":"https:\/\/3w2.net\/community\/#organization"},"potentialAction":[{"@type":"SearchAction","target":{"@type":"EntryPoint","urlTemplate":"https:\/\/3w2.net\/community\/?s={search_term_string}"},"query-input":{"@type":"PropertyValueSpecification","valueRequired":true,"valueName":"search_term_string"}}],"inLanguage":"es"},{"@type":"Organization","@id":"https:\/\/3w2.net\/community\/#organization","name":"3w2 Community","url":"https:\/\/3w2.net\/community\/","logo":{"@type":"ImageObject","inLanguage":"es","@id":"https:\/\/3w2.net\/community\/#\/schema\/logo\/image\/","url":"https:\/\/3w2.net\/community\/wp-content\/uploads\/2023\/09\/cropped-logo-trading-3w2-1.png","contentUrl":"https:\/\/3w2.net\/community\/wp-content\/uploads\/2023\/09\/cropped-logo-trading-3w2-1.png","width":604,"height":627,"caption":"3w2 Community"},"image":{"@id":"https:\/\/3w2.net\/community\/#\/schema\/logo\/image\/"},"sameAs":["https:\/\/www.facebook.com\/3w2.eu\/","https:\/\/x.com\/3w2_eu"]},{"@type":"Person","@id":"https:\/\/3w2.net\/community\/#\/schema\/person\/4ca2d8becfa70dd1fee95d7b32511e64","name":"3w2","image":{"@type":"ImageObject","inLanguage":"es","@id":"https:\/\/3w2.net\/community\/#\/schema\/person\/image\/","url":"https:\/\/3w2.net\/community\/wp-content\/uploads\/avatars\/37\/1699777461-bpfull.png","contentUrl":"https:\/\/3w2.net\/community\/wp-content\/uploads\/avatars\/37\/1699777461-bpfull.png","caption":"3w2"},"url":"https:\/\/3w2.net\/community\/comunidad\/developer\/"}]}},"_links":{"self":[{"href":"https:\/\/3w2.net\/community\/wp-json\/wp\/v2\/posts\/3441"}],"collection":[{"href":"https:\/\/3w2.net\/community\/wp-json\/wp\/v2\/posts"}],"about":[{"href":"https:\/\/3w2.net\/community\/wp-json\/wp\/v2\/types\/post"}],"author":[{"embeddable":true,"href":"https:\/\/3w2.net\/community\/wp-json\/wp\/v2\/users\/37"}],"replies":[{"embeddable":true,"href":"https:\/\/3w2.net\/community\/wp-json\/wp\/v2\/comments?post=3441"}],"version-history":[{"count":4,"href":"https:\/\/3w2.net\/community\/wp-json\/wp\/v2\/posts\/3441\/revisions"}],"predecessor-version":[{"id":3448,"href":"https:\/\/3w2.net\/community\/wp-json\/wp\/v2\/posts\/3441\/revisions\/3448"}],"wp:featuredmedia":[{"embeddable":true,"href":"https:\/\/3w2.net\/community\/wp-json\/wp\/v2\/media\/3443"}],"wp:attachment":[{"href":"https:\/\/3w2.net\/community\/wp-json\/wp\/v2\/media?parent=3441"}],"wp:term":[{"taxonomy":"category","embeddable":true,"href":"https:\/\/3w2.net\/community\/wp-json\/wp\/v2\/categories?post=3441"},{"taxonomy":"post_tag","embeddable":true,"href":"https:\/\/3w2.net\/community\/wp-json\/wp\/v2\/tags?post=3441"}],"curies":[{"name":"wp","href":"https:\/\/api.w.org\/{rel}","templated":true}]}}